{"id":761,"date":"2020-10-12T06:29:53","date_gmt":"2020-10-12T06:29:53","guid":{"rendered":"https:\/\/eeeechoprod.com\/?p=761"},"modified":"2022-02-19T00:25:18","modified_gmt":"2022-02-19T00:25:18","slug":"la-crise-radicale-aux-usa-interview-du-president-du-parti-quebecois-dieudonne-ella-oyono","status":"publish","type":"post","link":"https:\/\/eeeechoprod.com\/en\/podcasts\/la-crise-radicale-aux-usa-interview-du-president-du-parti-quebecois-dieudonne-ella-oyono\/","title":{"rendered":"La crise raciale aux USA: interview du Pr\u00e9sident du Parti Qu\u00e9b\u00e9cois &#8211; Dieudonn\u00e9 Ella Oyono"},"content":{"rendered":"<div data-elementor-type=\"wp-post\" data-elementor-id=\"761\" class=\"elementor elementor-761\">\n\t\t\t\t\t\t<section class=\"elementor-section elementor-top-section elementor-element elementor-element-7075dd79 elementor-section-full_width elementor-section-height-default elementor-section-height-default\" data-id=\"7075dd79\" data-element_type=\"section\" data-e-type=\"section\" data-settings=\"{&quot;background_background&quot;:&quot;classic&quot;}\">\n\t\t\t\t\t\t\t<div class=\"elementor-background-overlay\"><\/div>\n\t\t\t\t\t\t\t<div class=\"elementor-container elementor-column-gap-default\">\n\t\t\t\t\t<div class=\"elementor-column elementor-col-100 elementor-top-column elementor-element elementor-element-781a448b\" data-id=\"781a448b\" data-element_type=\"column\" data-e-type=\"column\">\n\t\t\t<div class=\"elementor-widget-wrap elementor-element-populated\">\n\t\t\t\t\t\t<div class=\"elementor-element elementor-element-370fa73c elementor-widget elementor-widget-heading\" data-id=\"370fa73c\" data-element_type=\"widget\" data-e-type=\"widget\" data-widget_type=\"heading.default\">\n\t\t\t\t<div class=\"elementor-widget-container\">\n\t\t\t\t\t<h1 class=\"elementor-heading-title elementor-size-default\">La crise raciale aux USA: interview du Pr\u00e9sident du Parti Qu\u00e9b\u00e9cois &#8211; Dieudonn\u00e9 Ella Oyono<\/h1>\t\t\t\t<\/div>\n\t\t\t\t<\/div>\n\t\t\t\t\t<\/div>\n\t\t<\/div>\n\t\t\t\t\t<\/div>\n\t\t<\/section>\n\t\t\t\t<section class=\"elementor-section elementor-top-section elementor-element elementor-element-50ba50d1 elementor-section-boxed elementor-section-height-default elementor-section-height-default\" data-id=\"50ba50d1\" data-element_type=\"section\" data-e-type=\"section\">\n\t\t\t\t\t\t<div class=\"elementor-container elementor-column-gap-default\">\n\t\t\t\t\t<div class=\"elementor-column elementor-col-100 elementor-top-column elementor-element elementor-element-58a39f6c\" data-id=\"58a39f6c\" data-element_type=\"column\" data-e-type=\"column\">\n\t\t\t<div class=\"elementor-widget-wrap elementor-element-populated\">\n\t\t\t\t\t\t<div class=\"elementor-element elementor-element-47b0aa05 elementor-widget elementor-widget-spacer\" data-id=\"47b0aa05\" data-element_type=\"widget\" data-e-type=\"widget\" data-widget_type=\"spacer.default\">\n\t\t\t\t<div class=\"elementor-widget-container\">\n\t\t\t\t\t\t\t<div class=\"elementor-spacer\">\n\t\t\t<div class=\"elementor-spacer-inner\"><\/div>\n\t\t<\/div>\n\t\t\t\t\t\t<\/div>\n\t\t\t\t<\/div>\n\t\t\t\t\t<\/div>\n\t\t<\/div>\n\t\t\t\t\t<\/div>\n\t\t<\/section>\n\t\t\t\t<section class=\"elementor-section elementor-top-section elementor-element elementor-element-2210844f elementor-section-boxed elementor-section-height-default elementor-section-height-default\" data-id=\"2210844f\" data-element_type=\"section\" data-e-type=\"section\">\n\t\t\t\t\t\t<div class=\"elementor-container elementor-column-gap-default\">\n\t\t\t\t\t<div class=\"elementor-column elementor-col-33 elementor-top-column elementor-element elementor-element-634ca75b\" data-id=\"634ca75b\" data-element_type=\"column\" data-e-type=\"column\">\n\t\t\t<div class=\"elementor-widget-wrap elementor-element-populated\">\n\t\t\t\t\t\t<div class=\"elementor-element elementor-element-f91b690 elementor-widget elementor-widget-image\" data-id=\"f91b690\" data-element_type=\"widget\" data-e-type=\"widget\" data-widget_type=\"image.default\">\n\t\t\t\t<div class=\"elementor-widget-container\">\n\t\t\t\t\t\t\t\t\t\t\t\t\t\t\t<img fetchpriority=\"high\" decoding=\"async\" width=\"713\" height=\"950\" src=\"https:\/\/eeeechoprod.com\/wp-content\/uploads\/2020\/10\/DEO-PQ.jpg\" class=\"attachment-large size-large wp-image-788\" alt=\"\" srcset=\"https:\/\/eeeechoprod.com\/wp-content\/uploads\/2020\/10\/DEO-PQ.jpg 713w, https:\/\/eeeechoprod.com\/wp-content\/uploads\/2020\/10\/DEO-PQ-225x300.jpg 225w\" sizes=\"(max-width: 713px) 100vw, 713px\" \/>\t\t\t\t\t\t\t\t\t\t\t\t\t\t\t<\/div>\n\t\t\t\t<\/div>\n\t\t\t\t\t<\/div>\n\t\t<\/div>\n\t\t\t\t<div class=\"elementor-column elementor-col-33 elementor-top-column elementor-element elementor-element-4f75c5e5\" data-id=\"4f75c5e5\" data-element_type=\"column\" data-e-type=\"column\">\n\t\t\t<div class=\"elementor-widget-wrap\">\n\t\t\t\t\t\t\t<\/div>\n\t\t<\/div>\n\t\t\t\t<div class=\"elementor-column elementor-col-33 elementor-top-column elementor-element elementor-element-32a38e7a\" data-id=\"32a38e7a\" data-element_type=\"column\" data-e-type=\"column\">\n\t\t\t<div class=\"elementor-widget-wrap elementor-element-populated\">\n\t\t\t\t\t\t<div class=\"elementor-element elementor-element-6ed9e193 elementor-widget elementor-widget-text-editor\" data-id=\"6ed9e193\" data-element_type=\"widget\" data-e-type=\"widget\" data-widget_type=\"text-editor.default\">\n\t\t\t\t<div class=\"elementor-widget-container\">\n\t\t\t\t\t\t\t\t\t<p>Interview r\u00e9alis\u00e9e durant l&rsquo;\u00e9t\u00e9 2020 en pleine crise sanitaire, quelques semaines apr\u00e8s l&rsquo;assassinat de Georges Floyd<\/p><p>\u00a0<\/p><p><audio class=\"wp-audio-shortcode\" id=\"audio-761-1\" preload=\"none\" style=\"width: 100%;\" controls=\"controls\"><source type=\"audio\/mpeg\" src=\"https:\/\/eeeechoprod.com\/wp-content\/uploads\/2020\/10\/Dieudonne-Ella-Oyono-PQ.mp3?_=1\" \/><a href=\"https:\/\/eeeechoprod.com\/wp-content\/uploads\/2020\/10\/Dieudonne-Ella-Oyono-PQ.mp3\">https:\/\/eeeechoprod.com\/wp-content\/uploads\/2020\/10\/Dieudonne-Ella-Oyono-PQ.mp3<\/a><\/audio><\/p>\t\t\t\t\t\t\t\t<\/div>\n\t\t\t\t<\/div>\n\t\t\t\t\t<\/div>\n\t\t<\/div>\n\t\t\t\t\t<\/div>\n\t\t<\/section>\n\t\t\t\t<section class=\"elementor-section elementor-top-section elementor-element elementor-element-dec168a elementor-section-boxed elementor-section-height-default elementor-section-height-default\" data-id=\"dec168a\" data-element_type=\"section\" data-e-type=\"section\">\n\t\t\t\t\t\t<div class=\"elementor-container elementor-column-gap-default\">\n\t\t\t\t\t<div class=\"elementor-column elementor-col-100 elementor-top-column elementor-element elementor-element-65cc94af\" data-id=\"65cc94af\" data-element_type=\"column\" data-e-type=\"column\">\n\t\t\t<div class=\"elementor-widget-wrap elementor-element-populated\">\n\t\t\t\t\t\t<div class=\"elementor-element elementor-element-44ebdd3a elementor-widget elementor-widget-spacer\" data-id=\"44ebdd3a\" data-element_type=\"widget\" data-e-type=\"widget\" data-widget_type=\"spacer.default\">\n\t\t\t\t<div class=\"elementor-widget-container\">\n\t\t\t\t\t\t\t<div class=\"elementor-spacer\">\n\t\t\t<div class=\"elementor-spacer-inner\"><\/div>\n\t\t<\/div>\n\t\t\t\t\t\t<\/div>\n\t\t\t\t<\/div>\n\t\t\t\t\t<\/div>\n\t\t<\/div>\n\t\t\t\t\t<\/div>\n\t\t<\/section>\n\t\t\t\t<\/div>","protected":false},"excerpt":{"rendered":"<p>Interview r\u00e9alis\u00e9e durant l&rsquo;\u00e9t\u00e9 2020 en pleine crise sanitaire, quelques semaines apr\u00e8s l&rsquo;assassinat de Georges Floyd<\/p>","protected":false},"author":1,"featured_media":788,"comment_status":"open","ping_status":"open","sticky":false,"template":"elementor_header_footer","format":"standard","meta":{"_kad_post_transparent":"","_kad_post_title":"","_kad_post_layout":"","_kad_post_sidebar_id":"","_kad_post_content_style":"","_kad_post_vertical_padding":"","_kad_post_feature":"","_kad_post_feature_position":"","_kad_post_header":false,"_kad_post_footer":false,"_kad_post_classname":"","footnotes":""},"categories":[16],"tags":[44,31,46,45],"class_list":["post-761","post","type-post","status-publish","format-standard","has-post-thumbnail","hentry","category-podcasts","tag-politique","tag-quebec","tag-race","tag-usa"],"yoast_head":"<!-- This site is optimized with the Yoast SEO Premium plugin v15.4 - https:\/\/yoast.com\/wordpress\/plugins\/seo\/ -->\n<title>La crise raciale aux USA: interview du Pr\u00e9sident du Parti Qu\u00e9b\u00e9cois - Dieudonn\u00e9 Ella Oyono | Contes et L\u00e9gendes pour enfants<\/title>\n<meta name=\"description\" content=\"\u00c9coutez La crise raciale aux USA: interview du Pr\u00e9sident du Parti Qu\u00e9b\u00e9cois - Dieudonn\u00e9 Ella Oyono sur Contes et L\u00e9gendes pour enfants aujourd&#039;hui! Cat\u00e9gorie: Podcasts\" \/>\n<meta name=\"robots\" content=\"index, follow, max-snippet:-1, max-image-preview:large, max-video-preview:-1\" \/>\n<link rel=\"canonical\" href=\"https:\/\/eeeechoprod.com\/en\/podcasts\/la-crise-radicale-aux-usa-interview-du-president-du-parti-quebecois-dieudonne-ella-oyono\/\" \/>\n<meta property=\"og:locale\" content=\"en_US\" \/>\n<meta property=\"og:type\" content=\"article\" \/>\n<meta property=\"og:title\" content=\"La crise raciale aux USA: interview du Pr\u00e9sident du Parti Qu\u00e9b\u00e9cois - Dieudonn\u00e9 Ella Oyono | Contes et L\u00e9gendes pour enfants\" \/>\n<meta property=\"og:description\" content=\"\u00c9coutez La crise raciale aux USA: interview du Pr\u00e9sident du Parti Qu\u00e9b\u00e9cois - Dieudonn\u00e9 Ella Oyono sur Contes et L\u00e9gendes pour enfants aujourd&#039;hui! Cat\u00e9gorie: Podcasts\" \/>\n<meta property=\"og:url\" content=\"https:\/\/eeeechoprod.com\/en\/podcasts\/la-crise-radicale-aux-usa-interview-du-president-du-parti-quebecois-dieudonne-ella-oyono\/\" \/>\n<meta property=\"og:site_name\" content=\"Contes et L\u00e9gendes pour enfants\" \/>\n<meta property=\"article:author\" content=\"https:\/\/www.facebook.com\/watch\/111149217339863\/\" \/>\n<meta property=\"article:published_time\" content=\"2020-10-12T06:29:53+00:00\" \/>\n<meta property=\"article:modified_time\" content=\"2022-02-19T00:25:18+00:00\" \/>\n<meta property=\"og:image\" content=\"https:\/\/eeeechoprod.com\/wp-content\/uploads\/2020\/10\/DEO-PQ.jpg\" \/>\n\t<meta property=\"og:image:width\" content=\"713\" \/>\n\t<meta property=\"og:image:height\" content=\"950\" \/>\n<meta name=\"twitter:card\" content=\"summary_large_image\" \/>\n<meta name=\"twitter:creator\" content=\"@https:\/\/twitter.com\/eeeechop\" \/>\n<meta name=\"twitter:label1\" content=\"Written by\">\n\t<meta name=\"twitter:data1\" content=\"Enzo\">\n\t<meta name=\"twitter:label2\" content=\"Est. reading time\">\n\t<meta name=\"twitter:data2\" content=\"0 minutes\">\n<script type=\"application\/ld+json\" class=\"yoast-schema-graph\">{\"@context\":\"https:\/\/schema.org\",\"@graph\":[{\"@type\":\"Organization\",\"@id\":\"https:\/\/eeeechoprod.com\/#organization\",\"name\":\"EEECHO PROD\",\"url\":\"https:\/\/eeeechoprod.com\/\",\"sameAs\":[],\"logo\":{\"@type\":\"ImageObject\",\"@id\":\"https:\/\/eeeechoprod.com\/#logo\",\"inLanguage\":\"en-CA\",\"url\":\"https:\/\/eeeechoprod.com\/wp-content\/uploads\/2020\/07\/EEEECHO-PROD-Wide-Logo-G2.png\",\"width\":691,\"height\":181,\"caption\":\"EEECHO PROD\"},\"image\":{\"@id\":\"https:\/\/eeeechoprod.com\/#logo\"}},{\"@type\":\"WebSite\",\"@id\":\"https:\/\/eeeechoprod.com\/#website\",\"url\":\"https:\/\/eeeechoprod.com\/\",\"name\":\"Contes et L\\u00e9gendes pour enfants\",\"description\":\"Red\\u00e9couvrez l&#039;enfant qui est en vous\",\"publisher\":{\"@id\":\"https:\/\/eeeechoprod.com\/#organization\"},\"potentialAction\":[{\"@type\":\"SearchAction\",\"target\":\"https:\/\/eeeechoprod.com\/?s={search_term_string}\",\"query-input\":\"required name=search_term_string\"}],\"inLanguage\":\"en-CA\"},{\"@type\":\"ImageObject\",\"@id\":\"https:\/\/eeeechoprod.com\/podcasts\/la-crise-radicale-aux-usa-interview-du-president-du-parti-quebecois-dieudonne-ella-oyono\/#primaryimage\",\"inLanguage\":\"en-CA\",\"url\":\"https:\/\/eeeechoprod.com\/wp-content\/uploads\/2020\/10\/DEO-PQ.jpg\",\"width\":713,\"height\":950,\"caption\":\"Source: D. Ella Oyono\"},{\"@type\":\"WebPage\",\"@id\":\"https:\/\/eeeechoprod.com\/podcasts\/la-crise-radicale-aux-usa-interview-du-president-du-parti-quebecois-dieudonne-ella-oyono\/#webpage\",\"url\":\"https:\/\/eeeechoprod.com\/podcasts\/la-crise-radicale-aux-usa-interview-du-president-du-parti-quebecois-dieudonne-ella-oyono\/\",\"name\":\"La crise raciale aux USA: interview du Pr\\u00e9sident du Parti Qu\\u00e9b\\u00e9cois - Dieudonn\\u00e9 Ella Oyono | Contes et L\\u00e9gendes pour enfants\",\"isPartOf\":{\"@id\":\"https:\/\/eeeechoprod.com\/#website\"},\"primaryImageOfPage\":{\"@id\":\"https:\/\/eeeechoprod.com\/podcasts\/la-crise-radicale-aux-usa-interview-du-president-du-parti-quebecois-dieudonne-ella-oyono\/#primaryimage\"},\"datePublished\":\"2020-10-12T06:29:53+00:00\",\"dateModified\":\"2022-02-19T00:25:18+00:00\",\"description\":\"\\u00c9coutez La crise raciale aux USA: interview du Pr\\u00e9sident du Parti Qu\\u00e9b\\u00e9cois - Dieudonn\\u00e9 Ella Oyono sur Contes et L\\u00e9gendes pour enfants aujourd'hui! Cat\\u00e9gorie: Podcasts\",\"inLanguage\":\"en-CA\",\"potentialAction\":[{\"@type\":\"ReadAction\",\"target\":[\"https:\/\/eeeechoprod.com\/podcasts\/la-crise-radicale-aux-usa-interview-du-president-du-parti-quebecois-dieudonne-ella-oyono\/\"]}]},{\"@type\":\"Article\",\"@id\":\"https:\/\/eeeechoprod.com\/podcasts\/la-crise-radicale-aux-usa-interview-du-president-du-parti-quebecois-dieudonne-ella-oyono\/#article\",\"isPartOf\":{\"@id\":\"https:\/\/eeeechoprod.com\/podcasts\/la-crise-radicale-aux-usa-interview-du-president-du-parti-quebecois-dieudonne-ella-oyono\/#webpage\"},\"author\":{\"@id\":\"https:\/\/eeeechoprod.com\/#\/schema\/person\/b60cfdcb7c39d15c930af452bab4ab2a\"},\"headline\":\"La crise raciale aux USA: interview du Pr\\u00e9sident du Parti Qu\\u00e9b\\u00e9cois &#8211; Dieudonn\\u00e9 Ella Oyono\",\"datePublished\":\"2020-10-12T06:29:53+00:00\",\"dateModified\":\"2022-02-19T00:25:18+00:00\",\"mainEntityOfPage\":{\"@id\":\"https:\/\/eeeechoprod.com\/podcasts\/la-crise-radicale-aux-usa-interview-du-president-du-parti-quebecois-dieudonne-ella-oyono\/#webpage\"},\"commentCount\":0,\"publisher\":{\"@id\":\"https:\/\/eeeechoprod.com\/#organization\"},\"image\":{\"@id\":\"https:\/\/eeeechoprod.com\/podcasts\/la-crise-radicale-aux-usa-interview-du-president-du-parti-quebecois-dieudonne-ella-oyono\/#primaryimage\"},\"keywords\":\"politique,Qu\\u00e9bec,race,USA\",\"articleSection\":\"Podcasts\",\"inLanguage\":\"en-CA\",\"potentialAction\":[{\"@type\":\"CommentAction\",\"name\":\"Comment\",\"target\":[\"https:\/\/eeeechoprod.com\/podcasts\/la-crise-radicale-aux-usa-interview-du-president-du-parti-quebecois-dieudonne-ella-oyono\/#respond\"]}]},{\"@type\":\"Person\",\"@id\":\"https:\/\/eeeechoprod.com\/#\/schema\/person\/b60cfdcb7c39d15c930af452bab4ab2a\",\"name\":\"Enzo\",\"image\":{\"@type\":\"ImageObject\",\"@id\":\"https:\/\/eeeechoprod.com\/#personlogo\",\"inLanguage\":\"en-CA\",\"url\":\"https:\/\/secure.gravatar.com\/avatar\/b5aea426b0fc34cee335ebbb67a055de0ec50f188d4c3a31661ac3cc6412413e?s=96&d=mm&r=g\",\"caption\":\"Enzo\"},\"sameAs\":[\"https:\/\/eeeechoprod.com\/#\",\"https:\/\/www.facebook.com\/watch\/111149217339863\/\",\"https:\/\/www.instagram.com\/eeeechoprod\/\",\"https:\/\/twitter.com\/https:\/\/twitter.com\/eeeechop\",\"https:\/\/www.youtube.com\/channel\/UC7Qw029NUnU05GyvFn_o-Jw\",\"https:\/\/soundcloud.com\/user-661675303\"]}]}<\/script>\n<!-- \/ Yoast SEO Premium plugin. -->","_links":{"self":[{"href":"https:\/\/eeeechoprod.com\/en\/wp-json\/wp\/v2\/posts\/761","targetHints":{"allow":["GET"]}}],"collection":[{"href":"https:\/\/eeeechoprod.com\/en\/wp-json\/wp\/v2\/posts"}],"about":[{"href":"https:\/\/eeeechoprod.com\/en\/wp-json\/wp\/v2\/types\/post"}],"author":[{"embeddable":true,"href":"https:\/\/eeeechoprod.com\/en\/wp-json\/wp\/v2\/users\/1"}],"replies":[{"embeddable":true,"href":"https:\/\/eeeechoprod.com\/en\/wp-json\/wp\/v2\/comments?post=761"}],"version-history":[{"count":10,"href":"https:\/\/eeeechoprod.com\/en\/wp-json\/wp\/v2\/posts\/761\/revisions"}],"predecessor-version":[{"id":3131,"href":"https:\/\/eeeechoprod.com\/en\/wp-json\/wp\/v2\/posts\/761\/revisions\/3131"}],"wp:featuredmedia":[{"embeddable":true,"href":"https:\/\/eeeechoprod.com\/en\/wp-json\/wp\/v2\/media\/788"}],"wp:attachment":[{"href":"https:\/\/eeeechoprod.com\/en\/wp-json\/wp\/v2\/media?parent=761"}],"wp:term":[{"taxonomy":"category","embeddable":true,"href":"https:\/\/eeeechoprod.com\/en\/wp-json\/wp\/v2\/categories?post=761"},{"taxonomy":"post_tag","embeddable":true,"href":"https:\/\/eeeechoprod.com\/en\/wp-json\/wp\/v2\/tags?post=761"}],"curies":[{"name":"wp","href":"https:\/\/api.w.org\/{rel}","templated":true}]}}